{"id":11261,"date":"2026-01-28T10:00:00","date_gmt":"2026-01-28T09:00:00","guid":{"rendered":"https:\/\/biogo.pl/blog\/?p=11261"},"modified":"2026-01-26T07:45:50","modified_gmt":"2026-01-26T06:45:50","slug":"czym-zastapic-swieze-warzywa-zima","status":"publish","type":"post","link":"https:\/\/biogo.pl/blog\/czym-zastapic-swieze-warzywa-zima\/","title":{"rendered":"Czym zast\u0105pi\u0107 \u015bwie\u017ce warzywa zim\u0105?"},"content":{"rendered":"<div id=\"bsf_rt_marker\"><\/div>\n<ul class=\"wp-block-list\">\n<li><a href=\"#Warzywa-mro\u017cone-i-kiszone-\u2013-zimowa-podstawa-diety\" type=\"internal\" id=\"#Warzywa-mro\u017cone-i-kiszone-\u2013-zimowa-podstawa-diety\">Warzywa mro\u017cone i kiszone \u2013 zimowa podstawa diety<\/a><\/li>\n\n\n\n<li><a href=\"#Warzywa-korzeniowe-i-przechowalnicze-\u2013-zapomniani-bohaterowie-zimy\" type=\"internal\" id=\"#Warzywa-korzeniowe-i-przechowalnicze-\u2013-zapomniani-bohaterowie-zimy\">Warzywa korzeniowe i przechowalnicze \u2013 zapomniani bohaterowie zimy<\/a><\/li>\n\n\n\n<li><a href=\"#Warzywa-konserwowe-i-suszone-\u2013-praktyczne-i-pe\u0142ne-smaku\" type=\"internal\" id=\"#Warzywa-konserwowe-i-suszone-\u2013-praktyczne-i-pe\u0142ne-smaku\">Warzywa konserwowe i suszone \u2013 praktyczne i pe\u0142ne smaku<\/a><\/li>\n\n\n\n<li><a href=\"#Kie\u0142ki-i-mikrolisty-\u2013-namiastka-\u015bwie\u017co\u015bci-zim\u0105\" type=\"internal\" id=\"#Kie\u0142ki-i-mikrolisty-\u2013-namiastka-\u015bwie\u017co\u015bci-zim\u0105\">Kie\u0142ki i mikrolisty \u2013 namiastka \u015bwie\u017co\u015bci zim\u0105<\/a><\/li>\n<\/ul>\n\n\n\n<p>Zima to czas, kt\u00f3ry naturalnie wymusza zmian\u0119 podej\u015bcia do od\u017cywiania. Kr\u00f3tsze dni, ni\u017csze temperatury i ograniczony dost\u0119p do lokalnych produkt\u00f3w sprawiaj\u0105, \u017ce dieta powinna by\u0107 bardziej syc\u0105ca, rozgrzewaj\u0105ca i od\u017cywcza. Cho\u0107 wsp\u00f3\u0142czesne sklepy oferuj\u0105 \u015bwie\u017ce warzywa przez ca\u0142y rok, zim\u0105 cz\u0119sto s\u0105 one importowane, mniej aromatyczne i ubo\u017csze w sk\u0142adniki od\u017cywcze. Warto wi\u0119c zada\u0107 sobie pytanie: czym zast\u0105pi\u0107 \u015bwie\u017ce warzywa zim\u0105, aby nadal je\u015b\u0107 zdrowo, sezonowo i \u015bwiadomie?<\/p>\n\n\n\n<p>Odpowied\u017a jest prostsza, ni\u017c si\u0119 wydaje. Nasza kuchnia \u2013 szczeg\u00f3lnie w klimacie umiarkowanym \u2013 od wiek\u00f3w opiera\u0142a si\u0119 na rozwi\u0105zaniach, kt\u00f3re doskonale sprawdzaj\u0105 si\u0119 zim\u0105. Mro\u017cenie, kiszenie, suszenie czy przechowywanie warzyw korzeniowych to metody, kt\u00f3re nie tylko pozwalaj\u0105 zachowa\u0107 zapasy na d\u0142ugie miesi\u0105ce, ale r\u00f3wnie\u017c dostarczaj\u0105 organizmowi cennych sk\u0142adnik\u00f3w wspieraj\u0105cych odporno\u015b\u0107 i energi\u0119.<\/p>\n\n\n\n<h2 class=\"wp-block-heading\" id=\"Warzywa-mro\u017cone-i-kiszone-\u2013-zimowa-podstawa-diety\">Warzywa mro\u017cone i kiszone \u2013 zimowa podstawa diety<\/h2>\n\n\n\n<p>Warzywa mro\u017cone to jedno z najlepszych rozwi\u0105za\u0144 na zimowe miesi\u0105ce. Proces mro\u017cenia odbywa si\u0119 zazwyczaj kr\u00f3tko po zbiorach, dzi\u0119ki czemu warzywa zachowuj\u0105 du\u017c\u0105 cz\u0119\u015b\u0107 witamin, minera\u0142\u00f3w i koloru. Broku\u0142y, kalafior, marchew, groszek, szpinak czy dynia mog\u0105 by\u0107 wykorzystywane na wiele sposob\u00f3w \u2013 jako baza zup, dodatek do da\u0144 obiadowych, sk\u0142adnik sos\u00f3w czy farsz\u00f3w. Mro\u017conki s\u0105 wygodne, dost\u0119pne przez ca\u0142y rok i pozwalaj\u0105 szybko przygotowa\u0107 pe\u0142nowarto\u015bciowy posi\u0142ek bez konieczno\u015bci d\u0142ugiego gotowania.<\/p>\n\n\n\n<p>R\u00f3wnie wa\u017cne miejsce w zimowej diecie zajmuj\u0105 warzywa kiszone. Kapusta kiszona, og\u00f3rki, buraki czy inne fermentowane warzywa to naturalne \u017ar\u00f3d\u0142o witaminy C, kt\u00f3rej szczeg\u00f3lnie potrzebujemy w sezonie przezi\u0119bie\u0144. Dodatkowo kiszonki wspieraj\u0105 flor\u0119 bakteryjn\u0105 jelit, poprawiaj\u0105 trawienie i wzmacniaj\u0105 odporno\u015b\u0107. Ich intensywny, lekko kwa\u015bny smak doskonale prze\u0142amuje ci\u0119\u017csze, zimowe potrawy i sprawia, \u017ce dania staj\u0105 si\u0119 bardziej wyraziste.<\/p>\n\n\n\n<h2 class=\"wp-block-heading\" id=\"Warzywa-korzeniowe-i-przechowalnicze-\u2013-zapomniani-bohaterowie-zimy\">Warzywa korzeniowe i przechowalnicze \u2013 zapomniani bohaterowie zimy<\/h2>\n\n\n\n<p>Zim\u0105 szczeg\u00f3lnie warto si\u0119ga\u0107 po warzywa, kt\u00f3re dobrze znosz\u0105 d\u0142ugie przechowywanie. Marchew, buraki, pietruszka, seler, pasternak, cebula, por czy kapusta od wiek\u00f3w stanowi\u0142y podstaw\u0119 kuchni zimowej i nie bez powodu. S\u0105 syc\u0105ce, bogate w b\u0142onnik i sk\u0142adniki mineralne, a przy tym niezwykle uniwersalne. Mo\u017cna je gotowa\u0107, piec, dusi\u0107, miksowa\u0107 na kremy lub wykorzystywa\u0107 jako baz\u0119 gulaszy i zapiekanek.<\/p>\n\n\n\n<p>Warzywa korzeniowe \u015bwietnie komponuj\u0105 si\u0119 z rozgrzewaj\u0105cymi przyprawami, takimi jak imbir, czosnek, kumin, tymianek czy rozmaryn. Pieczone w piekarniku nabieraj\u0105 naturalnej s\u0142odyczy i g\u0142\u0119bi smaku, kt\u00f3ra idealnie pasuje do zimowych obiad\u00f3w. To w\u0142a\u015bnie te warzywa pomagaj\u0105 stworzy\u0107 posi\u0142ki, kt\u00f3re nie tylko od\u017cywiaj\u0105, ale tak\u017ce daj\u0105 uczucie komfortu i ciep\u0142a w ch\u0142odne dni.<\/p>\n\n\n\n<h2 class=\"wp-block-heading\" id=\"Warzywa-konserwowe-i-suszone-\u2013-praktyczne-i-pe\u0142ne-smaku\">Warzywa konserwowe i suszone \u2013 praktyczne i pe\u0142ne smaku<\/h2>\n\n\n\n<p>Zim\u0105 warto r\u00f3wnie\u017c si\u0119ga\u0107 po warzywa konserwowe, takie jak fasola, ciecierzyca, soczewica, kukurydza czy pomidory w puszce. Cho\u0107 s\u0105 to produkty przetworzone, nadal dostarczaj\u0105 bia\u0142ka ro\u015blinnego, b\u0142onnika i wielu sk\u0142adnik\u00f3w mineralnych. Dzi\u0119ki nim mo\u017cna szybko przygotowa\u0107 syc\u0105ce zupy, curry, leczo czy sa\u0142atki na ciep\u0142o. Kluczowe jest wybieranie produkt\u00f3w o prostym sk\u0142adzie, bez dodatku cukru i z ograniczon\u0105 ilo\u015bci\u0105 soli.<\/p>\n\n\n\n<p>Suszone warzywa i grzyby to z kolei prawdziwy koncentrat smaku. Suszone borowiki, podgrzybki czy kurki od lat goszcz\u0105 w polskiej kuchni zimowej, szczeg\u00f3lnie w zupach i sosach. Suszone pomidory, papryka czy cebula mog\u0105 wzbogaci\u0107 smak wielu da\u0144 i sprawi\u0107, \u017ce nawet proste potrawy nabior\u0105 g\u0142\u0119bi. Niewielka ilo\u015b\u0107 suszonych dodatk\u00f3w wystarczy, by uzyska\u0107 intensywny aromat bez konieczno\u015bci si\u0119gania po \u015bwie\u017ce warzywa.<\/p>\n\n\n\n<h2 class=\"wp-block-heading\" id=\"Kie\u0142ki-i-mikrolisty-\u2013-namiastka-\u015bwie\u017co\u015bci-zim\u0105\">Kie\u0142ki i mikrolisty \u2013 namiastka \u015bwie\u017co\u015bci zim\u0105<\/h2>\n\n\n\n<p>Cho\u0107 zim\u0105 dominuj\u0105 dania na ciep\u0142o, wiele os\u00f3b odczuwa brak \u015bwie\u017co\u015bci i chrupko\u015bci w diecie. W takiej sytuacji doskona\u0142ym rozwi\u0105zaniem s\u0105 kie\u0142ki i mikrolisty, kt\u00f3re mo\u017cna \u0142atwo uprawia\u0107 w domu, nawet na parapecie. Kie\u0142ki broku\u0142a, rzodkiewki, lucerny czy soczewicy s\u0105 bogate w witaminy, minera\u0142y i antyoksydanty, a przy tym dodaj\u0105 potrawom lekko\u015bci.<\/p>\n\n\n\n<p>Stanowi\u0105 \u015bwietny dodatek do kanapek, sa\u0142atek, past warzywnych czy da\u0144 na ciep\u0142o. Dzi\u0119ki nim nawet zimowe menu mo\u017ce zyska\u0107 element \u015bwie\u017co\u015bci bez konieczno\u015bci kupowania importowanych warzyw.<\/p>\n\n\n\n<p>Zima nie musi oznacza\u0107 rezygnacji z warzyw ani monotonnej diety. Mro\u017conki, kiszonki, warzywa korzeniowe, produkty konserwowe, suszone dodatki oraz domowe kie\u0142ki to pe\u0142nowarto\u015bciowe alternatywy dla \u015bwie\u017cych warzyw, kt\u00f3re doskonale sprawdzaj\u0105 si\u0119 w ch\u0142odniejszych miesi\u0105cach. \u015awiadome korzystanie z tych produkt\u00f3w pozwala zachowa\u0107 zdrow\u0105, zbilansowan\u0105 diet\u0119, wspiera odporno\u015b\u0107 i sprawia, \u017ce zimowe posi\u0142ki s\u0105 nie tylko od\u017cywcze, ale te\u017c naprawd\u0119 smaczne.<\/p>\n","protected":false},"excerpt":{"rendered":"<p>Zima to czas, kt\u00f3ry naturalnie wymusza zmian\u0119 podej\u015bcia do od\u017cywiania. Kr\u00f3tsze dni, ni\u017csze temperatury i ograniczony dost\u0119p do lokalnych produkt\u00f3w sprawiaj\u0105, \u017ce dieta powinna by\u0107 bardziej syc\u0105ca, rozgrzewaj\u0105ca i od\u017cywcza. Cho\u0107 wsp\u00f3\u0142czesne sklepy oferuj\u0105 \u015bwie\u017ce warzywa przez ca\u0142y rok, zim\u0105 cz\u0119sto s\u0105 one importowane, mniej aromatyczne i ubo\u017csze w sk\u0142adniki od\u017cywcze.<\/p>\n","protected":false},"author":1,"featured_media":11262,"comment_status":"open","ping_status":"open","sticky":false,"template":"","format":"standard","meta":{"om_disable_all_campaigns":false,"_monsterinsights_skip_tracking":false,"_monsterinsights_sitenote_active":false,"_monsterinsights_sitenote_note":"","_monsterinsights_sitenote_category":0,"footnotes":""},"categories":[40],"tags":[1445,3684,3686,3685,3683,3682],"class_list":{"0":"post-11261","1":"post","2":"type-post","3":"status-publish","4":"format-standard","5":"has-post-thumbnail","7":"category-produkty-i-przepisy","8":"tag-kielki","9":"tag-warzywa-kiszone","10":"tag-warzywa-konserwowe","11":"tag-warzywa-korzeniowe","12":"tag-warzywa-mrozone","13":"tag-warzywa-zima"},"yoast_head":"<!-- This site is optimized with the Yoast SEO plugin v27.5 - https:\/\/yoast.com\/product\/yoast-seo-wordpress\/ -->\n<title>Czym zast\u0105pi\u0107 \u015bwie\u017ce warzywa zim\u0105? | Blog - Biogo<\/title>\n<meta name=\"description\" content=\"Biogo \u27a4 Czym zast\u0105pi\u0107 \u015bwie\u017ce warzywa zim\u0105? \u2b50 Czytaj!\" \/>\n<meta name=\"robots\" content=\"index, follow, max-snippet:-1, max-image-preview:large, max-video-preview:-1\" \/>\n<link rel=\"canonical\" href=\"https:\/\/biogo.pl/blog\/czym-zastapic-swieze-warzywa-zima\/\" \/>\n<meta property=\"og:locale\" content=\"pl_PL\" \/>\n<meta property=\"og:type\" content=\"article\" \/>\n<meta property=\"og:title\" content=\"Czym zast\u0105pi\u0107 \u015bwie\u017ce warzywa zim\u0105? | Blog - Biogo\" \/>\n<meta property=\"og:description\" content=\"Biogo \u27a4 Czym zast\u0105pi\u0107 \u015bwie\u017ce warzywa zim\u0105? \u2b50 Czytaj!\" \/>\n<meta property=\"og:url\" content=\"https:\/\/biogo.pl/blog\/czym-zastapic-swieze-warzywa-zima\/\" \/>\n<meta property=\"og:site_name\" content=\"Dowiedz si\u0119 na czym polega ekologia i co mo\u017cesz zmieni\u0107, by \u017cy\u0107 w zgodzie z natur\u0105\" \/>\n<meta property=\"article:published_time\" content=\"2026-01-28T09:00:00+00:00\" \/>\n<meta property=\"og:image\" content=\"https:\/\/biogo.pl/blog\/wp-content\/uploads\/2026\/01\/AdobeStock_1877714416-1024x574.jpeg\" \/>\n\t<meta property=\"og:image:width\" content=\"1024\" \/>\n\t<meta property=\"og:image:height\" content=\"574\" \/>\n\t<meta property=\"og:image:type\" content=\"image\/jpeg\" \/>\n<meta name=\"author\" content=\"Dietetyk Ania\" \/>\n<meta name=\"twitter:card\" content=\"summary_large_image\" \/>\n<meta name=\"twitter:label1\" content=\"Napisane przez\" \/>\n\t<meta name=\"twitter:data1\" content=\"Dietetyk Ania\" \/>\n\t<meta name=\"twitter:label2\" content=\"Szacowany czas czytania\" \/>\n\t<meta name=\"twitter:data2\" content=\"5 minut\" \/>\n<script type=\"application\/ld+json\" class=\"yoast-schema-graph\">{\"@context\":\"https:\\\/\\\/schema.org\",\"@graph\":[{\"@type\":\"Article\",\"@id\":\"https:\\\/\\\/biogo.pl/blog\\\/czym-zastapic-swieze-warzywa-zima\\\/#article\",\"isPartOf\":{\"@id\":\"https:\\\/\\\/biogo.pl/blog\\\/czym-zastapic-swieze-warzywa-zima\\\/\"},\"author\":{\"name\":\"Dietetyk Ania\",\"@id\":\"https:\\\/\\\/biogo.pl/blog\\\/#\\\/schema\\\/person\\\/8f739850cb8c863324d951d47c0efa2c\"},\"headline\":\"Czym zast\u0105pi\u0107 \u015bwie\u017ce warzywa zim\u0105?\",\"datePublished\":\"2026-01-28T09:00:00+00:00\",\"mainEntityOfPage\":{\"@id\":\"https:\\\/\\\/biogo.pl/blog\\\/czym-zastapic-swieze-warzywa-zima\\\/\"},\"wordCount\":824,\"commentCount\":0,\"image\":{\"@id\":\"https:\\\/\\\/biogo.pl/blog\\\/czym-zastapic-swieze-warzywa-zima\\\/#primaryimage\"},\"thumbnailUrl\":\"https:\\\/\\\/biogo.pl/blog\\\/wp-content\\\/uploads\\\/2026\\\/01\\\/AdobeStock_1877714416.jpeg\",\"keywords\":[\"kie\u0142ki\",\"warzywa kiszone\",\"warzywa konserwowe\",\"warzywa korzeniowe\",\"warzywa mro\u017cone\",\"warzywa zim\u0105\"],\"articleSection\":[\"Produkty i przepisy\"],\"inLanguage\":\"pl-PL\",\"potentialAction\":[{\"@type\":\"CommentAction\",\"name\":\"Comment\",\"target\":[\"https:\\\/\\\/biogo.pl/blog\\\/czym-zastapic-swieze-warzywa-zima\\\/#respond\"]}]},{\"@type\":\"WebPage\",\"@id\":\"https:\\\/\\\/biogo.pl/blog\\\/czym-zastapic-swieze-warzywa-zima\\\/\",\"url\":\"https:\\\/\\\/biogo.pl/blog\\\/czym-zastapic-swieze-warzywa-zima\\\/\",\"name\":\"Czym zast\u0105pi\u0107 \u015bwie\u017ce warzywa zim\u0105? | Blog - Biogo\",\"isPartOf\":{\"@id\":\"https:\\\/\\\/biogo.pl/blog\\\/#website\"},\"primaryImageOfPage\":{\"@id\":\"https:\\\/\\\/biogo.pl/blog\\\/czym-zastapic-swieze-warzywa-zima\\\/#primaryimage\"},\"image\":{\"@id\":\"https:\\\/\\\/biogo.pl/blog\\\/czym-zastapic-swieze-warzywa-zima\\\/#primaryimage\"},\"thumbnailUrl\":\"https:\\\/\\\/biogo.pl/blog\\\/wp-content\\\/uploads\\\/2026\\\/01\\\/AdobeStock_1877714416.jpeg\",\"datePublished\":\"2026-01-28T09:00:00+00:00\",\"author\":{\"@id\":\"https:\\\/\\\/biogo.pl/blog\\\/#\\\/schema\\\/person\\\/8f739850cb8c863324d951d47c0efa2c\"},\"description\":\"Biogo \u27a4 Czym zast\u0105pi\u0107 \u015bwie\u017ce warzywa zim\u0105? \u2b50 Czytaj!\",\"breadcrumb\":{\"@id\":\"https:\\\/\\\/biogo.pl/blog\\\/czym-zastapic-swieze-warzywa-zima\\\/#breadcrumb\"},\"inLanguage\":\"pl-PL\",\"potentialAction\":[{\"@type\":\"ReadAction\",\"target\":[\"https:\\\/\\\/biogo.pl/blog\\\/czym-zastapic-swieze-warzywa-zima\\\/\"]}]},{\"@type\":\"ImageObject\",\"inLanguage\":\"pl-PL\",\"@id\":\"https:\\\/\\\/biogo.pl/blog\\\/czym-zastapic-swieze-warzywa-zima\\\/#primaryimage\",\"url\":\"https:\\\/\\\/biogo.pl/blog\\\/wp-content\\\/uploads\\\/2026\\\/01\\\/AdobeStock_1877714416.jpeg\",\"contentUrl\":\"https:\\\/\\\/biogo.pl/blog\\\/wp-content\\\/uploads\\\/2026\\\/01\\\/AdobeStock_1877714416.jpeg\",\"width\":9100,\"height\":5100},{\"@type\":\"BreadcrumbList\",\"@id\":\"https:\\\/\\\/biogo.pl/blog\\\/czym-zastapic-swieze-warzywa-zima\\\/#breadcrumb\",\"itemListElement\":[{\"@type\":\"ListItem\",\"position\":1,\"name\":\"Strona g\u0142\u00f3wna\",\"item\":\"https:\\\/\\\/biogo.pl/blog\\\/\"},{\"@type\":\"ListItem\",\"position\":2,\"name\":\"Czym zast\u0105pi\u0107 \u015bwie\u017ce warzywa zim\u0105?\"}]},{\"@type\":\"WebSite\",\"@id\":\"https:\\\/\\\/biogo.pl/blog\\\/#website\",\"url\":\"https:\\\/\\\/biogo.pl/blog\\\/\",\"name\":\"Dowiedz si\u0119 na czym polega ekologia i co mo\u017cesz zmieni\u0107, by \u017cy\u0107 w zgodzie z natur\u0105\",\"description\":\"My i Ziemia to jedno\u015b\u0107, a nasze wybory \u017cywieniowe i podej\u015bcie do \u017cycia mo\u017ce zmienia\u0107 \u015bwiat. Na naszym blogu dowiesz si\u0119, na czym polega ekologia i co mo\u017cesz zmieni\u0107, by \u017cy\u0107 w zgodzie z natur\u0105. Nasi specjali\u015bci w artyku\u0142ach poruszaj\u0105 tematy zwi\u0105zane z dietetyk\u0105, kosmetologi\u0105 oraz rozwiewaj\u0105 w\u0105tpliwo\u015bci dotycz\u0105ce \u017cywno\u015bci i suplement\u00f3w diety.\",\"potentialAction\":[{\"@type\":\"SearchAction\",\"target\":{\"@type\":\"EntryPoint\",\"urlTemplate\":\"https:\\\/\\\/biogo.pl/blog\\\/?s={search_term_string}\"},\"query-input\":{\"@type\":\"PropertyValueSpecification\",\"valueRequired\":true,\"valueName\":\"search_term_string\"}}],\"inLanguage\":\"pl-PL\"},{\"@type\":\"Person\",\"@id\":\"https:\\\/\\\/biogo.pl/blog\\\/#\\\/schema\\\/person\\\/8f739850cb8c863324d951d47c0efa2c\",\"name\":\"Dietetyk Ania\",\"image\":{\"@type\":\"ImageObject\",\"inLanguage\":\"pl-PL\",\"@id\":\"https:\\\/\\\/biogo.pl/blog\\\/wp-content\\\/uploads\\\/2024\\\/04\\\/avatar_user_1_1712735662-96x96.png\",\"url\":\"https:\\\/\\\/biogo.pl/blog\\\/wp-content\\\/uploads\\\/2024\\\/04\\\/avatar_user_1_1712735662-96x96.png\",\"contentUrl\":\"https:\\\/\\\/biogo.pl/blog\\\/wp-content\\\/uploads\\\/2024\\\/04\\\/avatar_user_1_1712735662-96x96.png\",\"caption\":\"Dietetyk Ania\"},\"description\":\"Magister \u017bywienia Cz\u0142owieka i Dietetyki Uniwersytetu Przyrodniczego we Wroc\u0142awiu. Posiada do\u015bwiadczenie w pracy z pacjentami. Pasjonatka zdrowego stylu \u017cycia i zr\u00f3wnowa\u017conej diety. Uwielbia gotowanie i eksperymentowanie z nowymi smakami.\",\"url\":\"https:\\\/\\\/biogo.pl/blog\\\/author\\\/admin\\\/\"}]}<\/script>\n<!-- \/ Yoast SEO plugin. -->","yoast_head_json":{"title":"Czym zast\u0105pi\u0107 \u015bwie\u017ce warzywa zim\u0105? | Blog - Biogo","description":"Biogo \u27a4 Czym zast\u0105pi\u0107 \u015bwie\u017ce warzywa zim\u0105? \u2b50 Czytaj!","robots":{"index":"index","follow":"follow","max-snippet":"max-snippet:-1","max-image-preview":"max-image-preview:large","max-video-preview":"max-video-preview:-1"},"canonical":"https:\/\/biogo.pl/blog\/czym-zastapic-swieze-warzywa-zima\/","og_locale":"pl_PL","og_type":"article","og_title":"Czym zast\u0105pi\u0107 \u015bwie\u017ce warzywa zim\u0105? | Blog - Biogo","og_description":"Biogo \u27a4 Czym zast\u0105pi\u0107 \u015bwie\u017ce warzywa zim\u0105? \u2b50 Czytaj!","og_url":"https:\/\/biogo.pl/blog\/czym-zastapic-swieze-warzywa-zima\/","og_site_name":"Dowiedz si\u0119 na czym polega ekologia i co mo\u017cesz zmieni\u0107, by \u017cy\u0107 w zgodzie z natur\u0105","article_published_time":"2026-01-28T09:00:00+00:00","og_image":[{"width":1024,"height":574,"url":"https:\/\/biogo.pl/blog\/wp-content\/uploads\/2026\/01\/AdobeStock_1877714416-1024x574.jpeg","type":"image\/jpeg"}],"author":"Dietetyk Ania","twitter_card":"summary_large_image","twitter_misc":{"Napisane przez":"Dietetyk Ania","Szacowany czas czytania":"5 minut"},"schema":{"@context":"https:\/\/schema.org","@graph":[{"@type":"Article","@id":"https:\/\/biogo.pl/blog\/czym-zastapic-swieze-warzywa-zima\/#article","isPartOf":{"@id":"https:\/\/biogo.pl/blog\/czym-zastapic-swieze-warzywa-zima\/"},"author":{"name":"Dietetyk Ania","@id":"https:\/\/biogo.pl/blog\/#\/schema\/person\/8f739850cb8c863324d951d47c0efa2c"},"headline":"Czym zast\u0105pi\u0107 \u015bwie\u017ce warzywa zim\u0105?","datePublished":"2026-01-28T09:00:00+00:00","mainEntityOfPage":{"@id":"https:\/\/biogo.pl/blog\/czym-zastapic-swieze-warzywa-zima\/"},"wordCount":824,"commentCount":0,"image":{"@id":"https:\/\/biogo.pl/blog\/czym-zastapic-swieze-warzywa-zima\/#primaryimage"},"thumbnailUrl":"https:\/\/biogo.pl/blog\/wp-content\/uploads\/2026\/01\/AdobeStock_1877714416.jpeg","keywords":["kie\u0142ki","warzywa kiszone","warzywa konserwowe","warzywa korzeniowe","warzywa mro\u017cone","warzywa zim\u0105"],"articleSection":["Produkty i przepisy"],"inLanguage":"pl-PL","potentialAction":[{"@type":"CommentAction","name":"Comment","target":["https:\/\/biogo.pl/blog\/czym-zastapic-swieze-warzywa-zima\/#respond"]}]},{"@type":"WebPage","@id":"https:\/\/biogo.pl/blog\/czym-zastapic-swieze-warzywa-zima\/","url":"https:\/\/biogo.pl/blog\/czym-zastapic-swieze-warzywa-zima\/","name":"Czym zast\u0105pi\u0107 \u015bwie\u017ce warzywa zim\u0105? | Blog - Biogo","isPartOf":{"@id":"https:\/\/biogo.pl/blog\/#website"},"primaryImageOfPage":{"@id":"https:\/\/biogo.pl/blog\/czym-zastapic-swieze-warzywa-zima\/#primaryimage"},"image":{"@id":"https:\/\/biogo.pl/blog\/czym-zastapic-swieze-warzywa-zima\/#primaryimage"},"thumbnailUrl":"https:\/\/biogo.pl/blog\/wp-content\/uploads\/2026\/01\/AdobeStock_1877714416.jpeg","datePublished":"2026-01-28T09:00:00+00:00","author":{"@id":"https:\/\/biogo.pl/blog\/#\/schema\/person\/8f739850cb8c863324d951d47c0efa2c"},"description":"Biogo \u27a4 Czym zast\u0105pi\u0107 \u015bwie\u017ce warzywa zim\u0105? \u2b50 Czytaj!","breadcrumb":{"@id":"https:\/\/biogo.pl/blog\/czym-zastapic-swieze-warzywa-zima\/#breadcrumb"},"inLanguage":"pl-PL","potentialAction":[{"@type":"ReadAction","target":["https:\/\/biogo.pl/blog\/czym-zastapic-swieze-warzywa-zima\/"]}]},{"@type":"ImageObject","inLanguage":"pl-PL","@id":"https:\/\/biogo.pl/blog\/czym-zastapic-swieze-warzywa-zima\/#primaryimage","url":"https:\/\/biogo.pl/blog\/wp-content\/uploads\/2026\/01\/AdobeStock_1877714416.jpeg","contentUrl":"https:\/\/biogo.pl/blog\/wp-content\/uploads\/2026\/01\/AdobeStock_1877714416.jpeg","width":9100,"height":5100},{"@type":"BreadcrumbList","@id":"https:\/\/biogo.pl/blog\/czym-zastapic-swieze-warzywa-zima\/#breadcrumb","itemListElement":[{"@type":"ListItem","position":1,"name":"Strona g\u0142\u00f3wna","item":"https:\/\/biogo.pl/blog\/"},{"@type":"ListItem","position":2,"name":"Czym zast\u0105pi\u0107 \u015bwie\u017ce warzywa zim\u0105?"}]},{"@type":"WebSite","@id":"https:\/\/biogo.pl/blog\/#website","url":"https:\/\/biogo.pl/blog\/","name":"Dowiedz si\u0119 na czym polega ekologia i co mo\u017cesz zmieni\u0107, by \u017cy\u0107 w zgodzie z natur\u0105","description":"My i Ziemia to jedno\u015b\u0107, a nasze wybory \u017cywieniowe i podej\u015bcie do \u017cycia mo\u017ce zmienia\u0107 \u015bwiat. Na naszym blogu dowiesz si\u0119, na czym polega ekologia i co mo\u017cesz zmieni\u0107, by \u017cy\u0107 w zgodzie z natur\u0105. Nasi specjali\u015bci w artyku\u0142ach poruszaj\u0105 tematy zwi\u0105zane z dietetyk\u0105, kosmetologi\u0105 oraz rozwiewaj\u0105 w\u0105tpliwo\u015bci dotycz\u0105ce \u017cywno\u015bci i suplement\u00f3w diety.","potentialAction":[{"@type":"SearchAction","target":{"@type":"EntryPoint","urlTemplate":"https:\/\/biogo.pl/blog\/?s={search_term_string}"},"query-input":{"@type":"PropertyValueSpecification","valueRequired":true,"valueName":"search_term_string"}}],"inLanguage":"pl-PL"},{"@type":"Person","@id":"https:\/\/biogo.pl/blog\/#\/schema\/person\/8f739850cb8c863324d951d47c0efa2c","name":"Dietetyk Ania","image":{"@type":"ImageObject","inLanguage":"pl-PL","@id":"https:\/\/biogo.pl/blog\/wp-content\/uploads\/2024\/04\/avatar_user_1_1712735662-96x96.png","url":"https:\/\/biogo.pl/blog\/wp-content\/uploads\/2024\/04\/avatar_user_1_1712735662-96x96.png","contentUrl":"https:\/\/biogo.pl/blog\/wp-content\/uploads\/2024\/04\/avatar_user_1_1712735662-96x96.png","caption":"Dietetyk Ania"},"description":"Magister \u017bywienia Cz\u0142owieka i Dietetyki Uniwersytetu Przyrodniczego we Wroc\u0142awiu. Posiada do\u015bwiadczenie w pracy z pacjentami. Pasjonatka zdrowego stylu \u017cycia i zr\u00f3wnowa\u017conej diety. Uwielbia gotowanie i eksperymentowanie z nowymi smakami.","url":"https:\/\/biogo.pl/blog\/author\/admin\/"}]}},"_links":{"self":[{"href":"https:\/\/biogo.pl/blog\/wp-json\/wp\/v2\/posts\/11261","targetHints":{"allow":["GET"]}}],"collection":[{"href":"https:\/\/biogo.pl/blog\/wp-json\/wp\/v2\/posts"}],"about":[{"href":"https:\/\/biogo.pl/blog\/wp-json\/wp\/v2\/types\/post"}],"author":[{"embeddable":true,"href":"https:\/\/biogo.pl/blog\/wp-json\/wp\/v2\/users\/1"}],"replies":[{"embeddable":true,"href":"https:\/\/biogo.pl/blog\/wp-json\/wp\/v2\/comments?post=11261"}],"version-history":[{"count":1,"href":"https:\/\/biogo.pl/blog\/wp-json\/wp\/v2\/posts\/11261\/revisions"}],"predecessor-version":[{"id":11263,"href":"https:\/\/biogo.pl/blog\/wp-json\/wp\/v2\/posts\/11261\/revisions\/11263"}],"wp:featuredmedia":[{"embeddable":true,"href":"https:\/\/biogo.pl/blog\/wp-json\/wp\/v2\/media\/11262"}],"wp:attachment":[{"href":"https:\/\/biogo.pl/blog\/wp-json\/wp\/v2\/media?parent=11261"}],"wp:term":[{"taxonomy":"category","embeddable":true,"href":"https:\/\/biogo.pl/blog\/wp-json\/wp\/v2\/categories?post=11261"},{"taxonomy":"post_tag","embeddable":true,"href":"https:\/\/biogo.pl/blog\/wp-json\/wp\/v2\/tags?post=11261"}],"curies":[{"name":"wp","href":"https:\/\/api.w.org\/{rel}","templated":true}]}}